{"id":554,"date":"2010-11-15T09:52:48","date_gmt":"2010-11-15T09:52:48","guid":{"rendered":"http:\/\/www.bernhardgerber.ch\/wp2\/?p=554"},"modified":"2011-04-26T17:09:14","modified_gmt":"2011-04-26T17:09:14","slug":"vernisage","status":"publish","type":"post","link":"http:\/\/www.bernhardgerber.ch\/wp2\/?p=554","title":{"rendered":"Ausstellungen in der Projektgalerie &#8222;gepard 14&#8220;"},"content":{"rendered":"<p>&#8222;Kunst entsteht im Kunstraum &#8211; also ist alles was im Kunstraum entsteht Kunst&#8220;<\/p>\n<p><span style=\"color: #333333;\">Gruppenprojekt im &#8222;gepard 14&#8220;<\/span><strong> <\/strong><\/p>\n<p>Eine Gruppe von Kunstschaffenden, die bisher in der Projektgalerie &#8222;gepard 14&#8220; ausgestellt haben, realisierte w\u00e4rend zwei Monaten ein Gruppenprojekt.<\/p>\n<p>Beteiligte Kunstschaffende: Luciano Andreani, Meinrad Feuchter, Christine Freudiger, Bernhard Gerber, Marco Giacomoni, Yvonne Giger, Dino Rigoli, Verena Schwab, Bruno Sommer, Eva Styner, Michael Sutter, Florian Weiss<\/p>\n<p><span style=\"color: #333333;\">Vernissage: 21 Januar 2011, 18h<\/span><\/p>\n<p><span style=\"color: #333333;\">Ausstellung: 22.\/23.\/29.\/30. Januar 2011, jeweils 16-20h<\/span><\/p>\n<p><span style=\"color: #333333;\"><object classid=\"clsid:d27cdb6e-ae6d-11cf-96b8-444553540000\" width=\"425\" height=\"350\" codebase=\"http:\/\/download.macromedia.com\/pub\/shockwave\/cabs\/flash\/swflash.cab#version=6,0,40,0\"><param name=\"src\" value=\"http:\/\/www.youtube.com\/v\/1lkYiEOrJxg&amp;feature\" \/><embed type=\"application\/x-shockwave-flash\" width=\"425\" height=\"350\" src=\"http:\/\/www.youtube.com\/v\/1lkYiEOrJxg&amp;feature\"><\/embed><\/object><br \/>\n<\/span><\/p>\n<p>&#8212;&#8212;&#8212;&#8212;&#8212;&#8212;&#8212;&#8212;&#8212;&#8212;&#8212;&#8212;&#8212;&#8212;&#8212;&#8212;&#8212;&#8212;&#8212;&#8212;&#8212;&#8212;&#8212;&#8212;&#8212;&#8212;&#8212;&#8212;<\/p>\n<p>&#8222;Experiment Raum!&#8220;<\/p>\n<p>Vernissage: 19. November 18 Uhr \/ Lesung mit Michaela Wendt, Vorleserin<br \/>\nAusstellung: 20.\/21. November 2010, jeweils  16-20h<\/p>\n<p>Nach einer l\u00e4ngeren Denkphase im leeren gepard14 entschied sich Bernhard Gerber (*1958 in Biglen) im Ausstellungsraum architektonisch t\u00e4tig zu werden. All die Ecken, Kanten und Nischen erz\u00e4hlen Geschichten \u00fcber die stetige Anpassung an die ver\u00e4nderten Bed\u00fcrfnisse des Raumes.<br \/>\nIm gepard14 erkundet der K\u00fcnstler die Grenzen des Geb\u00e4udes, indem er im Ausstellungsraum eine neue Struktur konstruiert, Architektur in bestehende Architektur integriert.<br \/>\nSo werden existierende Linien aufgel\u00f6st, weitergef\u00fchrt, neue Linien in den Raum gesetzt.<br \/>\nEine Art unkonventioneller Renovationsplan ohne eigentliche Funktionalit\u00e4t&#8230;<\/p>\n<p>Michael Sutter<\/p>\n<ul>\n<li><a href=\"http:\/\/www.bernhardgerber.ch\/wp2\/wp-content\/uploads\/wuerdigung_m.sutter.pdf\" target=\"_blank\">W\u00fcrdigung als PDF-Dokument<\/a><\/li>\n<li><a href=\"http:\/\/www.gepard14.ch\/\">Link zur Homepage von Gepard14<\/a><\/li>\n<\/ul>\n","protected":false},"excerpt":{"rendered":"<p>&#8222;Kunst entsteht im Kunstraum &#8211; also ist alles was im Kunstraum entsteht Kunst&#8220; Gruppenprojekt im &#8222;gepard 14&#8220; Eine Gruppe von Kunstschaffenden, die bisher in der Projektgalerie &#8222;gepard 14&#8220; ausgestellt haben, realisierte w\u00e4rend zwei Monaten ein Gruppenprojekt. Beteiligte Kunstschaffende: Luciano Andreani, &hellip; <a href=\"http:\/\/www.bernhardgerber.ch\/wp2\/?p=554\">Weiterlesen <span class=\"meta-nav\">&rarr;<\/span><\/a><\/p>\n","protected":false},"author":1,"featured_media":0,"comment_status":"closed","ping_status":"closed","sticky":false,"template":"","format":"standard","meta":[],"categories":[1],"tags":[],"_links":{"self":[{"href":"http:\/\/www.bernhardgerber.ch\/wp2\/index.php?rest_route=\/wp\/v2\/posts\/554"}],"collection":[{"href":"http:\/\/www.bernhardgerber.ch\/wp2\/index.php?rest_route=\/wp\/v2\/posts"}],"about":[{"href":"http:\/\/www.bernhardgerber.ch\/wp2\/index.php?rest_route=\/wp\/v2\/types\/post"}],"author":[{"embeddable":true,"href":"http:\/\/www.bernhardgerber.ch\/wp2\/index.php?rest_route=\/wp\/v2\/users\/1"}],"replies":[{"embeddable":true,"href":"http:\/\/www.bernhardgerber.ch\/wp2\/index.php?rest_route=%2Fwp%2Fv2%2Fcomments&post=554"}],"version-history":[{"count":36,"href":"http:\/\/www.bernhardgerber.ch\/wp2\/index.php?rest_route=\/wp\/v2\/posts\/554\/revisions"}],"predecessor-version":[{"id":560,"href":"http:\/\/www.bernhardgerber.ch\/wp2\/index.php?rest_route=\/wp\/v2\/posts\/554\/revisions\/560"}],"wp:attachment":[{"href":"http:\/\/www.bernhardgerber.ch\/wp2\/index.php?rest_route=%2Fwp%2Fv2%2Fmedia&parent=554"}],"wp:term":[{"taxonomy":"category","embeddable":true,"href":"http:\/\/www.bernhardgerber.ch\/wp2\/index.php?rest_route=%2Fwp%2Fv2%2Fcategories&post=554"},{"taxonomy":"post_tag","embeddable":true,"href":"http:\/\/www.bernhardgerber.ch\/wp2\/index.php?rest_route=%2Fwp%2Fv2%2Ftags&post=554"}],"curies":[{"name":"wp","href":"https:\/\/api.w.org\/{rel}","templated":true}]}}