{"id":830,"date":"2013-06-04T10:30:35","date_gmt":"2013-06-04T10:30:35","guid":{"rendered":"http:\/\/www.bernhardgerber.ch\/wp2\/?p=830"},"modified":"2023-10-24T06:30:29","modified_gmt":"2023-10-24T06:30:29","slug":"aktuell-2013","status":"publish","type":"post","link":"http:\/\/www.bernhardgerber.ch\/wp2\/?p=830","title":{"rendered":"Aktuell"},"content":{"rendered":"<h4>Raum f\u00fcr meine Kunst ist \u00fcberall dort, wo in mir etwas angeregt wird. F\u00fcr meine Projekte suche ich wiederkehrend den \u00f6ffentlichen Raum. Der \u00f6ffentliche Raum ist freie Wildbahn, wo sich das Leben in seiner Vielfalt manifestiert. Ich arbeite oft\u00a0 situationsbezogen und orientiere mich gerne an \u00f6rtlichen Gegebenheiten.<\/h4>\n<h4>Themen mit sozialpolitischem Hintergrund\u00a0 interessieren mich. Die Zusammenarbeit mit anderen Kuntsschaffenden erweitern oft den pers\u00f6nlichen Standpunkt. Zu meinem Schaffen geh\u00f6ren plastische Arbeiten, Druckgrafiken, Skizzen, Installationen und Interventionen.<\/h4>\n<h1><span style=\"color: #00ff00;\">2023<\/span><\/h1>\n<h2>&#8222;Eisschriften&#8220; Galerie Atelier Worb 17.03 &#8211; 02.04.2023<\/h2>\n<p><a href=\"http:\/\/www.bernhardgerber.ch\/wp2\/wp-content\/uploads\/Bernhard_Gerber_Einladungskarte.pdf\">Bernhard_Gerber_Einladungskarte<\/a><\/p>\n<p><a href=\"http:\/\/www.bernhardgerber.ch\/wp2\/wp-content\/uploads\/Pressetext_bg_12_02.23.doc\">Pressetext_bg_12_02.23<\/a><\/p>\n<p><img loading=\"lazy\" class=\"alignleft size-large wp-image-932\" src=\"http:\/\/www.bernhardgerber.ch\/wp2\/wp-content\/uploads\/file125_VS-1024x685.jpg\" alt=\"\" width=\"640\" height=\"428\" srcset=\"http:\/\/www.bernhardgerber.ch\/wp2\/wp-content\/uploads\/file125_VS-1024x685.jpg 1024w, http:\/\/www.bernhardgerber.ch\/wp2\/wp-content\/uploads\/file125_VS-300x201.jpg 300w, http:\/\/www.bernhardgerber.ch\/wp2\/wp-content\/uploads\/file125_VS-768x514.jpg 768w, http:\/\/www.bernhardgerber.ch\/wp2\/wp-content\/uploads\/file125_VS-1536x1028.jpg 1536w, http:\/\/www.bernhardgerber.ch\/wp2\/wp-content\/uploads\/file125_VS-2048x1371.jpg 2048w\" sizes=\"(max-width: 640px) 100vw, 640px\" \/><\/p>\n<p><span style=\"color: #00ff00;\"><span style=\"color: #000000;\">&#8222;Eisschrift&#8220; \/ Objekt aus Eis<\/span><\/span><\/p>\n<h1><\/h1>\n<h1><span style=\"color: #00ff00;\">2022<\/span><\/h1>\n<p><img loading=\"lazy\" class=\"alignleft size-large wp-image-944\" src=\"http:\/\/www.bernhardgerber.ch\/wp2\/wp-content\/uploads\/20221107_142515-722x1024.jpg\" alt=\"\" width=\"640\" height=\"908\" srcset=\"http:\/\/www.bernhardgerber.ch\/wp2\/wp-content\/uploads\/20221107_142515-722x1024.jpg 722w, http:\/\/www.bernhardgerber.ch\/wp2\/wp-content\/uploads\/20221107_142515-212x300.jpg 212w, http:\/\/www.bernhardgerber.ch\/wp2\/wp-content\/uploads\/20221107_142515-768x1089.jpg 768w, http:\/\/www.bernhardgerber.ch\/wp2\/wp-content\/uploads\/20221107_142515-1083x1536.jpg 1083w, http:\/\/www.bernhardgerber.ch\/wp2\/wp-content\/uploads\/20221107_142515-1444x2048.jpg 1444w, http:\/\/www.bernhardgerber.ch\/wp2\/wp-content\/uploads\/20221107_142515-scaled.jpg 1805w\" sizes=\"(max-width: 640px) 100vw, 640px\" \/> <a href=\"http:\/\/www.bernhardgerber.ch\/wp2\/wp-content\/uploads\/Saaltext.doc\"><span style=\"color: #000000;\">Saaltext<\/span><\/a><\/p>\n<h1><\/h1>\n<h1><span style=\"color: #00ff00;\">2022<\/span><\/h1>\n<h2>&#8222;Au Joli Mois de Mai&#8220;<\/h2>\n<h2>Biel\/Bienne, Schweiz<\/h2>\n<p><img loading=\"lazy\" class=\"alignleft size-large wp-image-942\" src=\"http:\/\/www.bernhardgerber.ch\/wp2\/wp-content\/uploads\/20220525_170811-1024x768.jpg\" alt=\"\" width=\"640\" height=\"480\" srcset=\"http:\/\/www.bernhardgerber.ch\/wp2\/wp-content\/uploads\/20220525_170811-1024x768.jpg 1024w, http:\/\/www.bernhardgerber.ch\/wp2\/wp-content\/uploads\/20220525_170811-300x225.jpg 300w, http:\/\/www.bernhardgerber.ch\/wp2\/wp-content\/uploads\/20220525_170811-768x576.jpg 768w, http:\/\/www.bernhardgerber.ch\/wp2\/wp-content\/uploads\/20220525_170811-1536x1152.jpg 1536w, http:\/\/www.bernhardgerber.ch\/wp2\/wp-content\/uploads\/20220525_170811-2048x1536.jpg 2048w\" sizes=\"(max-width: 640px) 100vw, 640px\" \/><\/p>\n<p>&#8222;Die versteckte Agenda oder Hidden agenda&#8220; \/ Intervention mit Printmedien in der alten Krone<\/p>\n<p><img loading=\"lazy\" class=\"alignleft size-large wp-image-947\" src=\"http:\/\/www.bernhardgerber.ch\/wp2\/wp-content\/uploads\/20220525_170609-1024x768.jpg\" alt=\"\" width=\"640\" height=\"480\" srcset=\"http:\/\/www.bernhardgerber.ch\/wp2\/wp-content\/uploads\/20220525_170609-1024x768.jpg 1024w, http:\/\/www.bernhardgerber.ch\/wp2\/wp-content\/uploads\/20220525_170609-300x225.jpg 300w, http:\/\/www.bernhardgerber.ch\/wp2\/wp-content\/uploads\/20220525_170609-768x576.jpg 768w, http:\/\/www.bernhardgerber.ch\/wp2\/wp-content\/uploads\/20220525_170609-1536x1152.jpg 1536w, http:\/\/www.bernhardgerber.ch\/wp2\/wp-content\/uploads\/20220525_170609-2048x1536.jpg 2048w\" sizes=\"(max-width: 640px) 100vw, 640px\" \/><\/p>\n<h1><\/h1>\n<p><span style=\"color: #00ff00;\"><a href=\"http:\/\/www.bernhardgerber.ch\/wp2\/wp-content\/uploads\/Saaltext-1.docx\"><span style=\"color: #000000;\">Saaltext<\/span><\/a><\/span><\/p>\n<h1><\/h1>\n<h1><span style=\"color: #00ff00;\">2019<\/span><\/h1>\n<h2>Park Villa Mettlen<\/h2>\n<h2>Muri bei Bern, Schweiz<\/h2>\n<p><img loading=\"lazy\" class=\"alignleft size-large wp-image-938\" src=\"http:\/\/www.bernhardgerber.ch\/wp2\/wp-content\/uploads\/20190813_174936-768x1024.jpg\" alt=\"\" width=\"640\" height=\"853\" srcset=\"http:\/\/www.bernhardgerber.ch\/wp2\/wp-content\/uploads\/20190813_174936-768x1024.jpg 768w, http:\/\/www.bernhardgerber.ch\/wp2\/wp-content\/uploads\/20190813_174936-225x300.jpg 225w, http:\/\/www.bernhardgerber.ch\/wp2\/wp-content\/uploads\/20190813_174936-1152x1536.jpg 1152w, http:\/\/www.bernhardgerber.ch\/wp2\/wp-content\/uploads\/20190813_174936-1536x2048.jpg 1536w, http:\/\/www.bernhardgerber.ch\/wp2\/wp-content\/uploads\/20190813_174936-scaled.jpg 1920w\" sizes=\"(max-width: 640px) 100vw, 640px\" \/><\/p>\n<p><span style=\"color: #00ff00;\"><span style=\"color: #000000;\">&#8222;Maske Gesicht Antlitz&#8220; \/ Objekt aus Dachlatten<\/span><br \/>\n<\/span><\/p>\n<h1><\/h1>\n<h1><span style=\"color: #00ff00;\">2018<\/span><\/h1>\n<h2>&#8222;Au Joli Mois de Mai&#8220;<\/h2>\n<h2>Biel\/Bienne, Schweiz<\/h2>\n<p><img loading=\"lazy\" class=\"alignleft size-large wp-image-931\" src=\"http:\/\/www.bernhardgerber.ch\/wp2\/wp-content\/uploads\/20180523_211921-1024x768.jpg\" alt=\"\" width=\"640\" height=\"480\" srcset=\"http:\/\/www.bernhardgerber.ch\/wp2\/wp-content\/uploads\/20180523_211921-1024x768.jpg 1024w, http:\/\/www.bernhardgerber.ch\/wp2\/wp-content\/uploads\/20180523_211921-300x225.jpg 300w, http:\/\/www.bernhardgerber.ch\/wp2\/wp-content\/uploads\/20180523_211921-768x576.jpg 768w, http:\/\/www.bernhardgerber.ch\/wp2\/wp-content\/uploads\/20180523_211921-1536x1152.jpg 1536w, http:\/\/www.bernhardgerber.ch\/wp2\/wp-content\/uploads\/20180523_211921-2048x1536.jpg 2048w\" sizes=\"(max-width: 640px) 100vw, 640px\" \/><\/p>\n<h1><\/h1>\n<p><span style=\"color: #00ff00;\"><span style=\"color: #000000;\">&#8222;Werte und Normen&#8220; \/ Interaktive Arbeit in der alten Krone<\/span><br \/>\n<\/span><\/p>\n<h1><\/h1>\n<h1><span style=\"color: #00ff00;\">2016<\/span><\/h1>\n<h2>Nationale Ausstellung &#8222;Kunst im Fluss&#8220;, Interlakten, Schweiz<\/h2>\n<p><img loading=\"lazy\" class=\"alignleft size-large wp-image-906\" src=\"http:\/\/www.bernhardgerber.ch\/wp2\/wp-content\/uploads\/DSC00664-1024x685.jpg\" alt=\"SONY DSC\" width=\"640\" height=\"428\" srcset=\"http:\/\/www.bernhardgerber.ch\/wp2\/wp-content\/uploads\/DSC00664-1024x685.jpg 1024w, http:\/\/www.bernhardgerber.ch\/wp2\/wp-content\/uploads\/DSC00664-300x200.jpg 300w\" sizes=\"(max-width: 640px) 100vw, 640px\" \/><\/p>\n<h2><\/h2>\n<h2><\/h2>\n<h2><\/h2>\n<h2><\/h2>\n<h2><\/h2>\n<p>&#8222;Moving Reflections&#8220; \/ Kinetisches Objekt aus Eisenprofilen<\/p>\n<h2><\/h2>\n<h2>Trienale, Park Villa Mettlen, Muri<\/h2>\n<h2>bei Bern, Schweiz<\/h2>\n<h1><img loading=\"lazy\" src=\"http:\/\/www.bernhardgerber.ch\/wp2\/wp-content\/uploads\/DSC00206-1024x685.jpg\" alt=\"SONY DSC\" width=\"640\" height=\"428\" \/><\/h1>\n<p><img loading=\"lazy\" class=\"alignleft size-large wp-image-908\" src=\"http:\/\/www.bernhardgerber.ch\/wp2\/wp-content\/uploads\/DSC00241-1024x685.jpg\" alt=\"SONY DSC\" width=\"640\" height=\"428\" srcset=\"http:\/\/www.bernhardgerber.ch\/wp2\/wp-content\/uploads\/DSC00241-1024x685.jpg 1024w, http:\/\/www.bernhardgerber.ch\/wp2\/wp-content\/uploads\/DSC00241-300x200.jpg 300w\" sizes=\"(max-width: 640px) 100vw, 640px\" \/><\/p>\n<h1><\/h1>\n<h1><\/h1>\n<h1><\/h1>\n<h1><\/h1>\n<h1><\/h1>\n<h1><\/h1>\n<h1><span style=\"color: #00ff00;\">2015<\/span><\/h1>\n<h2>K\u00fcnstlerische Recherche, Venezia, Italien<\/h2>\n<p>27. April &#8211; 1. Mai 2015<\/p>\n<div id=\"attachment_887\" style=\"width: 495px\" class=\"wp-caption alignleft\"><img aria-describedby=\"caption-attachment-887\" loading=\"lazy\" class=\" wp-image-887\" src=\"http:\/\/www.bernhardgerber.ch\/wp2\/wp-content\/uploads\/20150430_105020-1024x768.jpg\" alt=\"&quot;Venezia Code&quot;\" width=\"485\" height=\"363\" srcset=\"http:\/\/www.bernhardgerber.ch\/wp2\/wp-content\/uploads\/20150430_105020-1024x768.jpg 1024w, http:\/\/www.bernhardgerber.ch\/wp2\/wp-content\/uploads\/20150430_105020-300x225.jpg 300w\" sizes=\"(max-width: 485px) 100vw, 485px\" \/><p id=\"caption-attachment-887\" class=\"wp-caption-text\">&#8222;Venezia Code&#8220;<\/p><\/div>\n<h2><\/h2>\n<h2><\/h2>\n<h2><\/h2>\n<h2><\/h2>\n<h2><\/h2>\n<h2>K\u00fcnstlerische Intervention an der Aare in Bern<\/h2>\n<p>Gestalterische Intervention begleitet die Ausstellung &#8222;Aare: Dynamik bringt Leben&#8220;\u00a0 im Infozentrum Eichholz ab dem 25. April 2015<\/p>\n<p>Ausstellung: 26. April &#8211; 18. Oktober 2015<\/p>\n<div id=\"attachment_859\" style=\"width: 495px\" class=\"wp-caption alignleft\"><img aria-describedby=\"caption-attachment-859\" loading=\"lazy\" class=\" wp-image-859\" src=\"http:\/\/www.bernhardgerber.ch\/wp2\/wp-content\/uploads\/DSC00110-1024x685.jpg\" alt=\"Verkehrsampel in der Aare von Bernhard Gerber\" width=\"485\" height=\"324\" srcset=\"http:\/\/www.bernhardgerber.ch\/wp2\/wp-content\/uploads\/DSC00110-1024x685.jpg 1024w, http:\/\/www.bernhardgerber.ch\/wp2\/wp-content\/uploads\/DSC00110-300x200.jpg 300w\" sizes=\"(max-width: 485px) 100vw, 485px\" \/><p id=\"caption-attachment-859\" class=\"wp-caption-text\">Verkehrsampel in der Aare von Bernhard Gerber<\/p><\/div>\n<h2><\/h2>\n<h2><\/h2>\n<h2><\/h2>\n<h2><\/h2>\n<h2><\/h2>\n<h2><\/h2>\n<p><span style=\"color: #000000;\"><b>Presse:<\/b><\/span><\/p>\n<p><span style=\"text-decoration: underline;\"><span style=\"color: #000000; text-decoration: underline;\"><a title=\"\u00d6ffnet externen Link in neuem Fenster\" href=\"http:\/\/www.derbund.ch\/bern\/stadt\/Die-Aare-ist-eingesperrt-in-ein-Korsett-\/story\/15789276\" target=\"_blank\" rel=\"noopener\"><span style=\"color: #000000; text-decoration: underline;\">Der Bund<\/span><\/a> (26.3.2015)<\/span><\/span><\/p>\n<p><span style=\"text-decoration: underline;\"><span style=\"color: #000000; text-decoration: underline;\"><a title=\"\u00d6ffnet externen Link in neuem Fenster\" href=\"http:\/\/www.bernerzeitung.ch\/region\/bern\/Bald-steht-eine-Ampel-in-der-Aare\/story\/21634073\" target=\"_blank\" rel=\"noopener\"><span style=\"color: #000000; text-decoration: underline;\">Berner Zeitung BZ<\/span><\/a> (15.4.2015)<\/span><\/span><\/p>\n<p><span style=\"text-decoration: underline;\"><span style=\"color: #000000; text-decoration: underline;\"><a title=\"\u00d6ffnet externen Link in neuem Fenster\" href=\"http:\/\/bka.ch\/ausstellungen\/rubriken\/ausstellungen\/eine-ampel-in-der-aare\" target=\"_blank\" rel=\"noopener\"><span style=\"color: #000000; text-decoration: underline;\">Berner Kulturabenda BKA<\/span><\/a> (23.4.2015)<\/span><\/span><\/p>\n<p><span style=\"text-decoration: underline;\"><span style=\"color: #000000; text-decoration: underline;\"><a title=\"\u00d6ffnet externen Link in neuem Fenster\" href=\"http:\/\/www.blick.ch\/news\/schweiz\/bern\/installation-im-eichholz-die-aare-ampel-steht-auf-gruen-id3690145.html\" target=\"_blank\" rel=\"noopener\"><span style=\"color: #000000; text-decoration: underline;\">Blick<\/span><\/a> (23.4.2015)<\/span><\/span><\/p>\n<p><span style=\"text-decoration: underline;\"><span style=\"color: #000000; text-decoration: underline;\"><a title=\"\u00d6ffnet externen Link in neuem Fenster\" href=\"http:\/\/www.derbund.ch\/bern\/stadt\/AareAmpel-ist-in-Betrieb\/story\/27986831\" target=\"_blank\" rel=\"noopener\"><span style=\"color: #000000; text-decoration: underline;\">Der Bund<\/span><\/a> (27.4.2015)<\/span><\/span><\/p>\n<p><span style=\"text-decoration: underline;\"><span style=\"color: #000000; text-decoration: underline;\">Wabern Post (Mai 2015)<\/span><\/span><\/p>\n<h1><\/h1>\n<h1><span style=\"color: #00ff00;\">2014<\/span><\/h1>\n<h2><span style=\"color: #000000;\">Nationale Ausstellung &#8222;jetzt kunst 2014&#8220;, Marzili Bern<\/span><\/h2>\n<p>Ausstellung: 6. Oktober &#8211; 1. November 2014 \/ Vernissage: 5. Juni \/ Finissage: 2. Juni<\/p>\n<div id=\"attachment_865\" style=\"width: 508px\" class=\"wp-caption alignleft\"><img aria-describedby=\"caption-attachment-865\" loading=\"lazy\" class=\" wp-image-865\" src=\"http:\/\/www.bernhardgerber.ch\/wp2\/wp-content\/uploads\/DSC09774-e1430056127846-685x1024.jpg\" alt=\"Installation mit Seilen, Marzili, Bern\" width=\"498\" height=\"744\" srcset=\"http:\/\/www.bernhardgerber.ch\/wp2\/wp-content\/uploads\/DSC09774-e1430056127846-685x1024.jpg 685w, http:\/\/www.bernhardgerber.ch\/wp2\/wp-content\/uploads\/DSC09774-e1430056127846-200x300.jpg 200w\" sizes=\"(max-width: 498px) 100vw, 498px\" \/><p id=\"caption-attachment-865\" class=\"wp-caption-text\">Installation mit Seilen, Marzili, Bern<\/p><\/div>\n<h2><\/h2>\n<h2><\/h2>\n<h2><\/h2>\n<h2><\/h2>\n<h2><\/h2>\n<h2><\/h2>\n<h2><\/h2>\n<h2><\/h2>\n<h2><\/h2>\n<h2><\/h2>\n<h2><\/h2>\n<h2><\/h2>\n<h2>K\u00fcnstlerische Recherche,Waffenstillstandszone Korea<\/h2>\n<p>Oktober 2014<\/p>\n<div id=\"attachment_863\" style=\"width: 508px\" class=\"wp-caption alignleft\"><img aria-describedby=\"caption-attachment-863\" loading=\"lazy\" class=\" wp-image-863\" src=\"http:\/\/www.bernhardgerber.ch\/wp2\/wp-content\/uploads\/DSC09701-1024x685.jpg\" alt=\"Beobachtungsposten zwischen Panmunjom und Seoul, Korea\" width=\"498\" height=\"332\" srcset=\"http:\/\/www.bernhardgerber.ch\/wp2\/wp-content\/uploads\/DSC09701-1024x685.jpg 1024w, http:\/\/www.bernhardgerber.ch\/wp2\/wp-content\/uploads\/DSC09701-300x200.jpg 300w\" sizes=\"(max-width: 498px) 100vw, 498px\" \/><p id=\"caption-attachment-863\" class=\"wp-caption-text\">Beobachtungsposten zwischen Panmunjom und Seoul, Korea<\/p><\/div>\n<h2><\/h2>\n<h2><\/h2>\n<h2><\/h2>\n<h2><\/h2>\n<h2><\/h2>\n<h2><\/h2>\n<h2>Ausstellungsprojekt, Pavillion<\/h2>\n<h2>Triebschenhorn, Luzern<\/h2>\n<p>Ausstellung: 7. &#8211; 27. Juni 2014 \/ <span style=\"color: #ff0000;\">Vernissage: 6. Juni 2014, 19h<\/span> \/ Finissage: 28. Juni 2014<\/p>\n<div id=\"attachment_860\" style=\"width: 505px\" class=\"wp-caption alignleft\"><img aria-describedby=\"caption-attachment-860\" loading=\"lazy\" class=\" wp-image-860\" src=\"http:\/\/www.bernhardgerber.ch\/wp2\/wp-content\/uploads\/DSC09584-1024x685.jpg\" alt=\"Innen - und Aussenraum \/ Installation mit vier Fenstern\" width=\"495\" height=\"330\" srcset=\"http:\/\/www.bernhardgerber.ch\/wp2\/wp-content\/uploads\/DSC09584-1024x685.jpg 1024w, http:\/\/www.bernhardgerber.ch\/wp2\/wp-content\/uploads\/DSC09584-300x200.jpg 300w\" sizes=\"(max-width: 495px) 100vw, 495px\" \/><p id=\"caption-attachment-860\" class=\"wp-caption-text\">Innen &#8211; und Aussenraum \/ Installation mit vier Fenstern<\/p><\/div>\n<h1><span style=\"color: #00ff00;\">\u00a0<\/span><\/h1>\n<h2><\/h2>\n<h2><\/h2>\n<h2><\/h2>\n<p><a href=\"http:\/\/www.bernhardgerber.ch\/wp2\/wp-content\/uploads\/Mein-Beitrag-fuer-Journal-B_1.pdf\">Mein Beitrag f\u00fcr Journal B_1<\/a><\/p>\n<h2><\/h2>\n<h1><span style=\"color: #00ff00;\">2013<\/span><\/h1>\n<h2><span style=\"color: #ff6600;\"><span style=\"color: #000000;\">Einvironmental Art Exhibition in Akaa \/ Land in Situ &#8211; N\u00e4kyma 2013 \/ Finnland<\/span><strong><br \/>\n<\/strong><\/span><\/h2>\n<p>29. Juni &#8211; 31. August 2013<\/p>\n<div id=\"attachment_847\" style=\"width: 521px\" class=\"wp-caption alignleft\"><img aria-describedby=\"caption-attachment-847\" loading=\"lazy\" class=\" wp-image-847\" src=\"http:\/\/www.bernhardgerber.ch\/wp2\/wp-content\/uploads\/DSC08089-1024x685.jpg\" alt=\"Landartprojekt \/ Licht und Schatten \/ Kies auf Rasen\" width=\"511\" height=\"340\" \/><p id=\"caption-attachment-847\" class=\"wp-caption-text\">Landartprojekt \/ Licht und Schatten \/ Kies auf Rasen<\/p><\/div>\n<p><img loading=\"lazy\" class=\"thumbnail\" style=\"max-width: 100%;\" src=\"http:\/\/www.bernhardgerber.ch\/wp2\/wp-content\/uploads\/DSC08374a.jpg\" alt=\"\" width=\"380\" height=\"224\" \/><\/p>\n<h2><\/h2>\n<h2>Ausstellung: Kulturhof &#8211; Galerie K\u00f6niz \/ Bernhard Gerber<\/h2>\n<p>Querschnitt des aktuellen Schaffens<\/p>\n<p>Eisenobjekte, Druckgrafiken, Bilder und mehr&#8230;vielleicht eben doch nur ein Versuch das Rauschen des Wassers zu sehen oder den Fall eines farbigen Herbstblattes im Wind zu h\u00f6ren.<\/p>\n<p><span style=\"text-decoration: underline;\">Vernissage<\/span> Freitag, 13. September 2013, 18.30h<\/p>\n<p><span style=\"text-decoration: underline;\">Ausstellung<\/span> Samstag 14. \u2013 Sonntag 22. September<\/p>\n<p><span style=\"text-decoration: underline;\">\u00d6ffnungszeiten<\/span> Do. und Fr. 16 &#8211; 20h \/ Sa. und So. 13 &#8211; 19h<\/p>\n<p>www.kulturhof.ch<\/p>\n","protected":false},"excerpt":{"rendered":"<p>Raum f\u00fcr meine Kunst ist \u00fcberall dort, wo in mir etwas angeregt wird. F\u00fcr meine Projekte suche ich wiederkehrend den \u00f6ffentlichen Raum. Der \u00f6ffentliche Raum ist freie Wildbahn, wo sich das Leben in seiner Vielfalt manifestiert. Ich arbeite oft\u00a0 situationsbezogen &hellip; <a href=\"http:\/\/www.bernhardgerber.ch\/wp2\/?p=830\">Weiterlesen <span class=\"meta-nav\">&rarr;<\/span><\/a><\/p>\n","protected":false},"author":1,"featured_media":0,"comment_status":"closed","ping_status":"open","sticky":false,"template":"","format":"standard","meta":[],"categories":[1],"tags":[],"_links":{"self":[{"href":"http:\/\/www.bernhardgerber.ch\/wp2\/index.php?rest_route=\/wp\/v2\/posts\/830"}],"collection":[{"href":"http:\/\/www.bernhardgerber.ch\/wp2\/index.php?rest_route=\/wp\/v2\/posts"}],"about":[{"href":"http:\/\/www.bernhardgerber.ch\/wp2\/index.php?rest_route=\/wp\/v2\/types\/post"}],"author":[{"embeddable":true,"href":"http:\/\/www.bernhardgerber.ch\/wp2\/index.php?rest_route=\/wp\/v2\/users\/1"}],"replies":[{"embeddable":true,"href":"http:\/\/www.bernhardgerber.ch\/wp2\/index.php?rest_route=%2Fwp%2Fv2%2Fcomments&post=830"}],"version-history":[{"count":48,"href":"http:\/\/www.bernhardgerber.ch\/wp2\/index.php?rest_route=\/wp\/v2\/posts\/830\/revisions"}],"predecessor-version":[{"id":987,"href":"http:\/\/www.bernhardgerber.ch\/wp2\/index.php?rest_route=\/wp\/v2\/posts\/830\/revisions\/987"}],"wp:attachment":[{"href":"http:\/\/www.bernhardgerber.ch\/wp2\/index.php?rest_route=%2Fwp%2Fv2%2Fmedia&parent=830"}],"wp:term":[{"taxonomy":"category","embeddable":true,"href":"http:\/\/www.bernhardgerber.ch\/wp2\/index.php?rest_route=%2Fwp%2Fv2%2Fcategories&post=830"},{"taxonomy":"post_tag","embeddable":true,"href":"http:\/\/www.bernhardgerber.ch\/wp2\/index.php?rest_route=%2Fwp%2Fv2%2Ftags&post=830"}],"curies":[{"name":"wp","href":"https:\/\/api.w.org\/{rel}","templated":true}]}}